{"id":8312,"date":"2025-12-25T21:34:04","date_gmt":"2025-12-25T20:34:04","guid":{"rendered":"https:\/\/sssstarapazova.org\/new\/?p=8312"},"modified":"2025-12-25T21:34:05","modified_gmt":"2025-12-25T20:34:05","slug":"sednica-vojvodjanskog-vecaposveceni-dijalogu-ali-spremni-i-na-druge-metode","status":"publish","type":"post","link":"http:\/\/sssstarapazova.org\/new\/2025\/12\/25\/sednica-vojvodjanskog-vecaposveceni-dijalogu-ali-spremni-i-na-druge-metode\/","title":{"rendered":"Sednica vojvo\u0111anskog ve\u0107a:Posve\u0107eni dijalogu, ali spremni i na druge metode"},"content":{"rendered":"\n<p>23 Decembra, 2025<a href=\"https:\/\/sindikat.rs\/2025\/12\/23\/sednica-vojvodjanskog-vecaposveceni-dijalogu-ali-spremni-i-na-druge-metode\/#respond\"><\/a><\/p>\n\n\n\n<div class=\"wp-block-image\"><figure class=\"aligncenter size-full\"><img loading=\"lazy\" decoding=\"async\" width=\"696\" height=\"449\" src=\"http:\/\/sssstarapazova.org\/new\/wp-content\/uploads\/2025\/12\/01-5.jpg\" alt=\"\" class=\"wp-image-8311\" srcset=\"http:\/\/sssstarapazova.org\/new\/wp-content\/uploads\/2025\/12\/01-5.jpg 696w, http:\/\/sssstarapazova.org\/new\/wp-content\/uploads\/2025\/12\/01-5-300x194.jpg 300w\" sizes=\"auto, (max-width: 696px) 100vw, 696px\" \/><\/figure><\/div>\n\n\n\n<p>Ve\u0107a Saveza samostalnih sindikata Vojvodine i Saveza samostalnih sindikata Srbije i u narednom period ostaju posve\u0107eni socijalnom dijalogu, ali \u0107e, ukoliko izostanu konkretni rezultati u za\u0161titi zaposlenosti, prava i standarda radnika, biti prinu\u0111eni da organizuju i druge oblike sindikalnog delovanja.<\/p>\n\n\n\n<p>To je ukazano na sednici Ve\u0107a SSS Vojvodine, odr\u017eanoj ju\u010de u Novom Sadu, kojom je predsedavao Goran Mili\u0107, uz u\u010de\u0161\u0107e predsednika SSSS Zorana Mihajlovi\u0107a, a na kojoj su razmatrane klju\u010dne teme od zna\u010daja za polo\u017eaj zaposlenih i razvoj socijalnog dijaloga u Republici.<\/p>\n\n\n\n<p>Nakon \u0161to je Mihajlovi\u0107 informisao o aktivnostima Saveza nakon odr\u017eane javne sednice Ve\u0107a, \u010dlanovi Ve\u0107a su razmotrili informacije sa sednice Socijalno-ekonomskog saveta Srbije, na kojoj je dogovoreno formiranje operativnog tima radi obezbe\u0111enja kontinuiranog razmatranja problema i br\u017eeg dono\u0161enja mera za njihovo re\u0161avanje, \u010dime je ispunjen jedan od zahteva SSSS upu\u0107en vlastima.<\/p>\n\n\n\n<p>U okviru rasprave u vezi socijalnog dijaloga i kolektivnog pregovaranja, razmatrani su predlozi koje su dali poslodavci na tekst op\u0161teg kolektivnog ugovora, za \u010dije zaklju\u010divanje je Savez uputio inicijativu, kao i na\u0161i zahtevi za izmene Zakona o radu i Nacrta zakona o radnoj praksi.<\/p>\n\n\n\n<p>\u010clanovi Ve\u0107a su obave\u0161teni o inicijativi Sindikata obrazovanja Srbije za izmene i dopune Zakona o radu, kojom se predla\u017ee da se kolektivnim ugovorima na nivou grane ili delatnosti mogu ugovarati odre\u0111ena prava koja nisu ure\u0111ena zakonom, isklju\u010divo za \u010dlanove ugovornih strana \u2013 potpisnika kolektivnog ugovora, \u0161to je ocenjeno kao posebno zna\u010dajno za javni sektor i ja\u010danje kolektivnog pregovaranja u ovoj oblasti.<\/p>\n\n\n\n<p>\u010clanovi Ve\u0107a su razmatrali i operacionalizaciju dva zahteva SSSS, sa ciljem da se spre\u010di dalje uru\u0161avanje zaposlenosti i obezbedi za\u0161tita radnih mesta u realnom sektoru.<\/p>\n\n\n\n<p>Na sednici je ponovo ukazano da prose\u010dna plata ne pokriva zvani\u010dnu potro\u0161a\u010dku korpu, dok je realna potro\u0161a\u010dka korpa, prema procenama sindikata, oko 60.000 dinara skuplja, \u0161to ozbiljno ugro\u017eava \u017eivotni standard zaposlenih.<\/p>\n\n\n\n<p>Razmatrana su klju\u010dna sistemska pitanja iz oblasti rada i penzijskog sistema \u2013 problem kompresije zarada i u tom kontekstu uvo\u0111enje platnih razreda prepoznato je kao neophodno i jedino re\u0161enje koje omogu\u0107ava jasnije vrednovanje slo\u017eenosti poslova, odgovornosti i potrebnih kompetencija, kao i problem trajnog umanjenja penzija, \u0161to predstavlja zna\u010dajnu nepravdu prema zaposlenima koji su ostvarili puni radni sta\u017e, a nisu ispunili starosni uslov za penzionisanje.<\/p>\n","protected":false},"excerpt":{"rendered":"<p>23 Decembra, 2025 Ve\u0107a Saveza samostalnih sindikata Vojvodine i Saveza samostalnih sindikata Srbije i u narednom period ostaju posve\u0107eni socijalnom dijalogu, ali \u0107e, ukoliko izostanu konkretni rezultati u za\u0161titi zaposlenosti, prava i standarda radnika, biti prinu\u0111eni da organizuju i druge <span class=\"excerpt-dots\">&hellip;<\/span> <a class=\"more-link\" href=\"http:\/\/sssstarapazova.org\/new\/2025\/12\/25\/sednica-vojvodjanskog-vecaposveceni-dijalogu-ali-spremni-i-na-druge-metode\/\"><span class=\"more-msg\">Continue reading &rarr;<\/span><\/a><\/p>\n","protected":false},"author":1,"featured_media":0,"comment_status":"closed","ping_status":"closed","sticky":false,"template":"","format":"standard","meta":{"footnotes":""},"categories":[1],"tags":[],"class_list":["post-8312","post","type-post","status-publish","format-standard","hentry","category-uncategorized"],"_links":{"self":[{"href":"http:\/\/sssstarapazova.org\/new\/wp-json\/wp\/v2\/posts\/8312","targetHints":{"allow":["GET"]}}],"collection":[{"href":"http:\/\/sssstarapazova.org\/new\/wp-json\/wp\/v2\/posts"}],"about":[{"href":"http:\/\/sssstarapazova.org\/new\/wp-json\/wp\/v2\/types\/post"}],"author":[{"embeddable":true,"href":"http:\/\/sssstarapazova.org\/new\/wp-json\/wp\/v2\/users\/1"}],"replies":[{"embeddable":true,"href":"http:\/\/sssstarapazova.org\/new\/wp-json\/wp\/v2\/comments?post=8312"}],"version-history":[{"count":1,"href":"http:\/\/sssstarapazova.org\/new\/wp-json\/wp\/v2\/posts\/8312\/revisions"}],"predecessor-version":[{"id":8313,"href":"http:\/\/sssstarapazova.org\/new\/wp-json\/wp\/v2\/posts\/8312\/revisions\/8313"}],"wp:attachment":[{"href":"http:\/\/sssstarapazova.org\/new\/wp-json\/wp\/v2\/media?parent=8312"}],"wp:term":[{"taxonomy":"category","embeddable":true,"href":"http:\/\/sssstarapazova.org\/new\/wp-json\/wp\/v2\/categories?post=8312"},{"taxonomy":"post_tag","embeddable":true,"href":"http:\/\/sssstarapazova.org\/new\/wp-json\/wp\/v2\/tags?post=8312"}],"curies":[{"name":"wp","href":"https:\/\/api.w.org\/{rel}","templated":true}]}}