{"id":8199,"date":"2025-10-28T22:09:37","date_gmt":"2025-10-28T21:09:37","guid":{"rendered":"https:\/\/sssstarapazova.org\/new\/?p=8199"},"modified":"2025-10-28T22:09:39","modified_gmt":"2025-10-28T21:09:39","slug":"jacanje-kapaciteta-sindikalnih-predstavnika-za-kolektivno-pregovaranje","status":"publish","type":"post","link":"http:\/\/sssstarapazova.org\/new\/2025\/10\/28\/jacanje-kapaciteta-sindikalnih-predstavnika-za-kolektivno-pregovaranje\/","title":{"rendered":"Ja\u010danje kapaciteta sindikalnih predstavnika za kolektivno pregovaranje"},"content":{"rendered":"\n<p>21 Oktobra, 2025<a href=\"https:\/\/sindikat.rs\/2025\/10\/21\/jacanje-kapaciteta-sindikalnih-predstavnika-za-kolektivno-pregovaranje\/#respond\"><\/a><\/p>\n\n\n\n<div class=\"wp-block-image\"><figure class=\"aligncenter size-full\"><img loading=\"lazy\" decoding=\"async\" width=\"696\" height=\"522\" src=\"http:\/\/sssstarapazova.org\/new\/wp-content\/uploads\/2025\/10\/01-1.jpg\" alt=\"\" class=\"wp-image-8197\" srcset=\"http:\/\/sssstarapazova.org\/new\/wp-content\/uploads\/2025\/10\/01-1.jpg 696w, http:\/\/sssstarapazova.org\/new\/wp-content\/uploads\/2025\/10\/01-1-300x225.jpg 300w\" sizes=\"auto, (max-width: 696px) 100vw, 696px\" \/><\/figure><\/div>\n\n\n\n<p>U okviru projekta \u201eOsna\u017eivanje socijalnog dijaloga\u201c, koji sprovodi Me\u0111unarodna organizacija rada, u Sokobanji je odr\u017eana obuka za ja\u010danje kapaciteta za kolektivno pregovaranje.<\/p>\n\n\n\n<p>Predstavnici granskih i sindikata sa teritorije, kao i zaposleni u Pravnoj slu\u017ebi Saveza, dobili su konkretna znanja, stekli iskustvo i uvid u alate za efikasnije u\u010de\u0161\u0107e u procesima kolektivnog pregovaranja, kako na nivou preduze\u0107a, tako i na granskom, teritorijalnom i nacionalnom nivou.<\/p>\n\n\n\n<p>Svrha obuke bila je osna\u017eivanje sindikalnih predstavnika na polju pregovara\u010dkih i komunikacionih sposobnosti, sa naglaskom na razvoj prakti\u010dn ih ve\u0161tina i tehnika pregovaranja, kao i bolje razumevanje razli\u010ditih pozicija u realnim pregovara\u010dkim situacijama.<\/p>\n\n\n\n<figure class=\"wp-block-image size-full\"><img loading=\"lazy\" decoding=\"async\" width=\"150\" height=\"150\" src=\"http:\/\/sssstarapazova.org\/new\/wp-content\/uploads\/2025\/10\/02-1.jpg\" alt=\"\" class=\"wp-image-8198\"\/><\/figure>\n","protected":false},"excerpt":{"rendered":"<p>21 Oktobra, 2025 U okviru projekta \u201eOsna\u017eivanje socijalnog dijaloga\u201c, koji sprovodi Me\u0111unarodna organizacija rada, u Sokobanji je odr\u017eana obuka za ja\u010danje kapaciteta za kolektivno pregovaranje. Predstavnici granskih i sindikata sa teritorije, kao i zaposleni u Pravnoj slu\u017ebi Saveza, dobili su <span class=\"excerpt-dots\">&hellip;<\/span> <a class=\"more-link\" href=\"http:\/\/sssstarapazova.org\/new\/2025\/10\/28\/jacanje-kapaciteta-sindikalnih-predstavnika-za-kolektivno-pregovaranje\/\"><span class=\"more-msg\">Continue reading &rarr;<\/span><\/a><\/p>\n","protected":false},"author":1,"featured_media":0,"comment_status":"closed","ping_status":"closed","sticky":false,"template":"","format":"standard","meta":{"footnotes":""},"categories":[1],"tags":[],"class_list":["post-8199","post","type-post","status-publish","format-standard","hentry","category-uncategorized"],"_links":{"self":[{"href":"http:\/\/sssstarapazova.org\/new\/wp-json\/wp\/v2\/posts\/8199","targetHints":{"allow":["GET"]}}],"collection":[{"href":"http:\/\/sssstarapazova.org\/new\/wp-json\/wp\/v2\/posts"}],"about":[{"href":"http:\/\/sssstarapazova.org\/new\/wp-json\/wp\/v2\/types\/post"}],"author":[{"embeddable":true,"href":"http:\/\/sssstarapazova.org\/new\/wp-json\/wp\/v2\/users\/1"}],"replies":[{"embeddable":true,"href":"http:\/\/sssstarapazova.org\/new\/wp-json\/wp\/v2\/comments?post=8199"}],"version-history":[{"count":1,"href":"http:\/\/sssstarapazova.org\/new\/wp-json\/wp\/v2\/posts\/8199\/revisions"}],"predecessor-version":[{"id":8200,"href":"http:\/\/sssstarapazova.org\/new\/wp-json\/wp\/v2\/posts\/8199\/revisions\/8200"}],"wp:attachment":[{"href":"http:\/\/sssstarapazova.org\/new\/wp-json\/wp\/v2\/media?parent=8199"}],"wp:term":[{"taxonomy":"category","embeddable":true,"href":"http:\/\/sssstarapazova.org\/new\/wp-json\/wp\/v2\/categories?post=8199"},{"taxonomy":"post_tag","embeddable":true,"href":"http:\/\/sssstarapazova.org\/new\/wp-json\/wp\/v2\/tags?post=8199"}],"curies":[{"name":"wp","href":"https:\/\/api.w.org\/{rel}","templated":true}]}}